{"id":7917,"date":"2025-11-11T16:44:44","date_gmt":"2025-11-11T14:44:44","guid":{"rendered":"https:\/\/www.bennunger-kc.de\/?p=7917"},"modified":"2025-12-10T16:08:18","modified_gmt":"2025-12-10T14:08:18","slug":"45-session-unsere-termine-2026","status":"publish","type":"post","link":"https:\/\/www.bennunger-kc.de\/?p=7917","title":{"rendered":"45. Session &#8211; unsere Termine 2026"},"content":{"rendered":"\n<figure class=\"wp-block-image size-large\"><a href=\"https:\/\/www.bennunger-kc.de\/wp-content\/uploads\/2025\/12\/Plakate_BKC_2025-26-scaled.jpg\"><img decoding=\"async\" loading=\"lazy\" width=\"724\" height=\"1024\" src=\"https:\/\/www.bennunger-kc.de\/wp-content\/uploads\/2025\/12\/Plakate_BKC_2025-26-724x1024.jpg\" alt=\"\" class=\"wp-image-7921\" srcset=\"https:\/\/www.bennunger-kc.de\/wp-content\/uploads\/2025\/12\/Plakate_BKC_2025-26-724x1024.jpg 724w, https:\/\/www.bennunger-kc.de\/wp-content\/uploads\/2025\/12\/Plakate_BKC_2025-26-212x300.jpg 212w, https:\/\/www.bennunger-kc.de\/wp-content\/uploads\/2025\/12\/Plakate_BKC_2025-26-768x1086.jpg 768w, https:\/\/www.bennunger-kc.de\/wp-content\/uploads\/2025\/12\/Plakate_BKC_2025-26-1086x1536.jpg 1086w, https:\/\/www.bennunger-kc.de\/wp-content\/uploads\/2025\/12\/Plakate_BKC_2025-26-1448x2048.jpg 1448w, https:\/\/www.bennunger-kc.de\/wp-content\/uploads\/2025\/12\/Plakate_BKC_2025-26-scaled.jpg 1810w\" sizes=\"(max-width: 724px) 100vw, 724px\" \/><\/a><\/figure>\n","protected":false},"excerpt":{"rendered":"","protected":false},"author":2,"featured_media":0,"comment_status":"open","ping_status":"open","sticky":false,"template":"","format":"standard","meta":{"ngg_post_thumbnail":0},"categories":[1],"tags":[],"yoast_head":"<!-- This site is optimized with the Yoast SEO plugin v19.14 - https:\/\/yoast.com\/wordpress\/plugins\/seo\/ -->\n<title>45. Session - unsere Termine 2026 - Bennunger Karneval Club<\/title>\n<meta name=\"robots\" content=\"index, follow, max-snippet:-1, max-image-preview:large, max-video-preview:-1\" \/>\n<link rel=\"canonical\" href=\"https:\/\/www.bennunger-kc.de\/?p=7917\" \/>\n<meta property=\"og:locale\" content=\"de_DE\" \/>\n<meta property=\"og:type\" content=\"article\" \/>\n<meta property=\"og:title\" content=\"45. Session - unsere Termine 2026 - Bennunger Karneval Club\" \/>\n<meta property=\"og:url\" content=\"https:\/\/www.bennunger-kc.de\/?p=7917\" \/>\n<meta property=\"og:site_name\" content=\"Bennunger Karneval Club\" \/>\n<meta property=\"article:published_time\" content=\"2025-11-11T14:44:44+00:00\" \/>\n<meta property=\"article:modified_time\" content=\"2025-12-10T14:08:18+00:00\" \/>\n<meta property=\"og:image\" content=\"https:\/\/www.bennunger-kc.de\/wp-content\/uploads\/2025\/12\/Plakate_BKC_2025-26-724x1024.jpg\" \/>\n<meta name=\"author\" content=\"Stefan Ga\u00dfmann\" \/>\n<meta name=\"twitter:label1\" content=\"Verfasst von\" \/>\n\t<meta name=\"twitter:data1\" content=\"Stefan Ga\u00dfmann\" \/>\n\t<meta name=\"twitter:label2\" content=\"Gesch\u00e4tzte Lesezeit\" \/>\n\t<meta name=\"twitter:data2\" content=\"1\u00a0Minute\" \/>\n<script type=\"application\/ld+json\" class=\"yoast-schema-graph\">{\"@context\":\"https:\/\/schema.org\",\"@graph\":[{\"@type\":\"WebPage\",\"@id\":\"https:\/\/www.bennunger-kc.de\/?p=7917\",\"url\":\"https:\/\/www.bennunger-kc.de\/?p=7917\",\"name\":\"45. Session - unsere Termine 2026 - Bennunger Karneval Club\",\"isPartOf\":{\"@id\":\"https:\/\/www.bennunger-kc.de\/#website\"},\"datePublished\":\"2025-11-11T14:44:44+00:00\",\"dateModified\":\"2025-12-10T14:08:18+00:00\",\"author\":{\"@id\":\"https:\/\/www.bennunger-kc.de\/#\/schema\/person\/37dc4e5cc05ed7cd511f8d042c72fc5e\"},\"breadcrumb\":{\"@id\":\"https:\/\/www.bennunger-kc.de\/?p=7917#breadcrumb\"},\"inLanguage\":\"de\",\"potentialAction\":[{\"@type\":\"ReadAction\",\"target\":[\"https:\/\/www.bennunger-kc.de\/?p=7917\"]}]},{\"@type\":\"BreadcrumbList\",\"@id\":\"https:\/\/www.bennunger-kc.de\/?p=7917#breadcrumb\",\"itemListElement\":[{\"@type\":\"ListItem\",\"position\":1,\"name\":\"Home\",\"item\":\"https:\/\/www.bennunger-kc.de\/\"},{\"@type\":\"ListItem\",\"position\":2,\"name\":\"45. Session &#8211; unsere Termine 2026\"}]},{\"@type\":\"WebSite\",\"@id\":\"https:\/\/www.bennunger-kc.de\/#website\",\"url\":\"https:\/\/www.bennunger-kc.de\/\",\"name\":\"Bennunger Karneval Club\",\"description\":\"\",\"potentialAction\":[{\"@type\":\"SearchAction\",\"target\":{\"@type\":\"EntryPoint\",\"urlTemplate\":\"https:\/\/www.bennunger-kc.de\/?s={search_term_string}\"},\"query-input\":\"required name=search_term_string\"}],\"inLanguage\":\"de\"},{\"@type\":\"Person\",\"@id\":\"https:\/\/www.bennunger-kc.de\/#\/schema\/person\/37dc4e5cc05ed7cd511f8d042c72fc5e\",\"name\":\"Stefan Ga\u00dfmann\",\"image\":{\"@type\":\"ImageObject\",\"inLanguage\":\"de\",\"@id\":\"https:\/\/www.bennunger-kc.de\/#\/schema\/person\/image\/\",\"url\":\"https:\/\/secure.gravatar.com\/avatar\/6bc27a9ae158229a2b39e6f3d3cb0fe0?s=96&d=mm&r=g\",\"contentUrl\":\"https:\/\/secure.gravatar.com\/avatar\/6bc27a9ae158229a2b39e6f3d3cb0fe0?s=96&d=mm&r=g\",\"caption\":\"Stefan Ga\u00dfmann\"},\"url\":\"https:\/\/www.bennunger-kc.de\/?author=2\"}]}<\/script>\n<!-- \/ Yoast SEO plugin. -->","yoast_head_json":{"title":"45. Session - unsere Termine 2026 - Bennunger Karneval Club","robots":{"index":"index","follow":"follow","max-snippet":"max-snippet:-1","max-image-preview":"max-image-preview:large","max-video-preview":"max-video-preview:-1"},"canonical":"https:\/\/www.bennunger-kc.de\/?p=7917","og_locale":"de_DE","og_type":"article","og_title":"45. Session - unsere Termine 2026 - Bennunger Karneval Club","og_url":"https:\/\/www.bennunger-kc.de\/?p=7917","og_site_name":"Bennunger Karneval Club","article_published_time":"2025-11-11T14:44:44+00:00","article_modified_time":"2025-12-10T14:08:18+00:00","og_image":[{"url":"https:\/\/www.bennunger-kc.de\/wp-content\/uploads\/2025\/12\/Plakate_BKC_2025-26-724x1024.jpg"}],"author":"Stefan Ga\u00dfmann","twitter_misc":{"Verfasst von":"Stefan Ga\u00dfmann","Gesch\u00e4tzte Lesezeit":"1\u00a0Minute"},"schema":{"@context":"https:\/\/schema.org","@graph":[{"@type":"WebPage","@id":"https:\/\/www.bennunger-kc.de\/?p=7917","url":"https:\/\/www.bennunger-kc.de\/?p=7917","name":"45. Session - unsere Termine 2026 - Bennunger Karneval Club","isPartOf":{"@id":"https:\/\/www.bennunger-kc.de\/#website"},"datePublished":"2025-11-11T14:44:44+00:00","dateModified":"2025-12-10T14:08:18+00:00","author":{"@id":"https:\/\/www.bennunger-kc.de\/#\/schema\/person\/37dc4e5cc05ed7cd511f8d042c72fc5e"},"breadcrumb":{"@id":"https:\/\/www.bennunger-kc.de\/?p=7917#breadcrumb"},"inLanguage":"de","potentialAction":[{"@type":"ReadAction","target":["https:\/\/www.bennunger-kc.de\/?p=7917"]}]},{"@type":"BreadcrumbList","@id":"https:\/\/www.bennunger-kc.de\/?p=7917#breadcrumb","itemListElement":[{"@type":"ListItem","position":1,"name":"Home","item":"https:\/\/www.bennunger-kc.de\/"},{"@type":"ListItem","position":2,"name":"45. Session &#8211; unsere Termine 2026"}]},{"@type":"WebSite","@id":"https:\/\/www.bennunger-kc.de\/#website","url":"https:\/\/www.bennunger-kc.de\/","name":"Bennunger Karneval Club","description":"","potentialAction":[{"@type":"SearchAction","target":{"@type":"EntryPoint","urlTemplate":"https:\/\/www.bennunger-kc.de\/?s={search_term_string}"},"query-input":"required name=search_term_string"}],"inLanguage":"de"},{"@type":"Person","@id":"https:\/\/www.bennunger-kc.de\/#\/schema\/person\/37dc4e5cc05ed7cd511f8d042c72fc5e","name":"Stefan Ga\u00dfmann","image":{"@type":"ImageObject","inLanguage":"de","@id":"https:\/\/www.bennunger-kc.de\/#\/schema\/person\/image\/","url":"https:\/\/secure.gravatar.com\/avatar\/6bc27a9ae158229a2b39e6f3d3cb0fe0?s=96&d=mm&r=g","contentUrl":"https:\/\/secure.gravatar.com\/avatar\/6bc27a9ae158229a2b39e6f3d3cb0fe0?s=96&d=mm&r=g","caption":"Stefan Ga\u00dfmann"},"url":"https:\/\/www.bennunger-kc.de\/?author=2"}]}},"_links":{"self":[{"href":"https:\/\/www.bennunger-kc.de\/index.php?rest_route=\/wp\/v2\/posts\/7917"}],"collection":[{"href":"https:\/\/www.bennunger-kc.de\/index.php?rest_route=\/wp\/v2\/posts"}],"about":[{"href":"https:\/\/www.bennunger-kc.de\/index.php?rest_route=\/wp\/v2\/types\/post"}],"author":[{"embeddable":true,"href":"https:\/\/www.bennunger-kc.de\/index.php?rest_route=\/wp\/v2\/users\/2"}],"replies":[{"embeddable":true,"href":"https:\/\/www.bennunger-kc.de\/index.php?rest_route=%2Fwp%2Fv2%2Fcomments&post=7917"}],"version-history":[{"count":2,"href":"https:\/\/www.bennunger-kc.de\/index.php?rest_route=\/wp\/v2\/posts\/7917\/revisions"}],"predecessor-version":[{"id":7923,"href":"https:\/\/www.bennunger-kc.de\/index.php?rest_route=\/wp\/v2\/posts\/7917\/revisions\/7923"}],"wp:attachment":[{"href":"https:\/\/www.bennunger-kc.de\/index.php?rest_route=%2Fwp%2Fv2%2Fmedia&parent=7917"}],"wp:term":[{"taxonomy":"category","embeddable":true,"href":"https:\/\/www.bennunger-kc.de\/index.php?rest_route=%2Fwp%2Fv2%2Fcategories&post=7917"},{"taxonomy":"post_tag","embeddable":true,"href":"https:\/\/www.bennunger-kc.de\/index.php?rest_route=%2Fwp%2Fv2%2Ftags&post=7917"}],"curies":[{"name":"wp","href":"https:\/\/api.w.org\/{rel}","templated":true}]}}