{"id":7725,"date":"2021-11-19T23:16:44","date_gmt":"2021-11-19T21:16:44","guid":{"rendered":"http:\/\/www.bennunger-kc.de\/?p=7725"},"modified":"2021-11-19T23:16:46","modified_gmt":"2021-11-19T21:16:46","slug":"auch-2021-22-keine-veranstaltungen","status":"publish","type":"post","link":"https:\/\/www.bennunger-kc.de\/?p=7725","title":{"rendered":"Auch 2021\/22 keine Veranstaltungen"},"content":{"rendered":"\n<p>Liebe Freunde des Bennunger Karneval Clubs!<\/p>\n\n\n\n<p>Seit dieser Woche ist es traurige Gewissheit: Das Coronavirus hat auch in Sachsen-Anhalt die Herrschaft \u00fcbernommen. Trotz Schl\u00fcssel\u00fcbergabe vor der Gemeinde, Umzug in Wallhausen und der einen oder anderen Trainingseinheit.<\/p>\n\n\n\n<p>Mit dem heutigen Tag sagen auch wir unsere Veranstaltungen f\u00fcr die Session 2021\/22 ab. Dennoch hoffen wir, dass sich die Lage zumindest etwas entspannt, sodass in diesem Jahr zumindest Outdoor-Alternativen mit Pr\u00e4senz m\u00f6glich sind. Wir bleiben n\u00e4rrisch-optimistisch und hoffen: ihr auch!<\/p>\n\n\n\n<p>Bennungen &#8211; Heidio!<\/p>\n","protected":false},"excerpt":{"rendered":"<p>Liebe Freunde des Bennunger Karneval Clubs! Seit dieser Woche ist es traurige Gewissheit: Das Coronavirus hat auch in Sachsen-Anhalt die Herrschaft \u00fcbernommen. Trotz Schl\u00fcssel\u00fcbergabe vor der Gemeinde, Umzug in Wallhausen und der einen oder anderen Trainingseinheit. Mit dem heutigen Tag sagen auch wir unsere Veranstaltungen f\u00fcr die Session 2021\/22 ab. Dennoch hoffen wir, dass sich &hellip; <\/p>\n<p class=\"link-more\"><a href=\"https:\/\/www.bennunger-kc.de\/?p=7725\" class=\"more-link\"><span class=\"screen-reader-text\">\u201eAuch 2021\/22 keine Veranstaltungen\u201c<\/span> weiterlesen<\/a><\/p>\n","protected":false},"author":2,"featured_media":0,"comment_status":"open","ping_status":"open","sticky":false,"template":"","format":"standard","meta":{"ngg_post_thumbnail":0},"categories":[1],"tags":[],"yoast_head":"<!-- This site is optimized with the Yoast SEO plugin v19.14 - https:\/\/yoast.com\/wordpress\/plugins\/seo\/ -->\n<title>Auch 2021\/22 keine Veranstaltungen - Bennunger Karneval Club<\/title>\n<meta name=\"robots\" content=\"index, follow, max-snippet:-1, max-image-preview:large, max-video-preview:-1\" \/>\n<link rel=\"canonical\" href=\"https:\/\/www.bennunger-kc.de\/?p=7725\" \/>\n<meta property=\"og:locale\" content=\"de_DE\" \/>\n<meta property=\"og:type\" content=\"article\" \/>\n<meta property=\"og:title\" content=\"Auch 2021\/22 keine Veranstaltungen - Bennunger Karneval Club\" \/>\n<meta property=\"og:description\" content=\"Liebe Freunde des Bennunger Karneval Clubs! Seit dieser Woche ist es traurige Gewissheit: Das Coronavirus hat auch in Sachsen-Anhalt die Herrschaft \u00fcbernommen. Trotz Schl\u00fcssel\u00fcbergabe vor der Gemeinde, Umzug in Wallhausen und der einen oder anderen Trainingseinheit. Mit dem heutigen Tag sagen auch wir unsere Veranstaltungen f\u00fcr die Session 2021\/22 ab. Dennoch hoffen wir, dass sich &hellip; \u201eAuch 2021\/22 keine Veranstaltungen\u201c weiterlesen\" \/>\n<meta property=\"og:url\" content=\"https:\/\/www.bennunger-kc.de\/?p=7725\" \/>\n<meta property=\"og:site_name\" content=\"Bennunger Karneval Club\" \/>\n<meta property=\"article:published_time\" content=\"2021-11-19T21:16:44+00:00\" \/>\n<meta property=\"article:modified_time\" content=\"2021-11-19T21:16:46+00:00\" \/>\n<meta name=\"author\" content=\"Stefan Ga\u00dfmann\" \/>\n<meta name=\"twitter:label1\" content=\"Verfasst von\" \/>\n\t<meta name=\"twitter:data1\" content=\"Stefan Ga\u00dfmann\" \/>\n<script type=\"application\/ld+json\" class=\"yoast-schema-graph\">{\"@context\":\"https:\/\/schema.org\",\"@graph\":[{\"@type\":\"WebPage\",\"@id\":\"https:\/\/www.bennunger-kc.de\/?p=7725\",\"url\":\"https:\/\/www.bennunger-kc.de\/?p=7725\",\"name\":\"Auch 2021\/22 keine Veranstaltungen - Bennunger Karneval Club\",\"isPartOf\":{\"@id\":\"https:\/\/www.bennunger-kc.de\/#website\"},\"datePublished\":\"2021-11-19T21:16:44+00:00\",\"dateModified\":\"2021-11-19T21:16:46+00:00\",\"author\":{\"@id\":\"https:\/\/www.bennunger-kc.de\/#\/schema\/person\/37dc4e5cc05ed7cd511f8d042c72fc5e\"},\"breadcrumb\":{\"@id\":\"https:\/\/www.bennunger-kc.de\/?p=7725#breadcrumb\"},\"inLanguage\":\"de\",\"potentialAction\":[{\"@type\":\"ReadAction\",\"target\":[\"https:\/\/www.bennunger-kc.de\/?p=7725\"]}]},{\"@type\":\"BreadcrumbList\",\"@id\":\"https:\/\/www.bennunger-kc.de\/?p=7725#breadcrumb\",\"itemListElement\":[{\"@type\":\"ListItem\",\"position\":1,\"name\":\"Home\",\"item\":\"https:\/\/www.bennunger-kc.de\/\"},{\"@type\":\"ListItem\",\"position\":2,\"name\":\"Auch 2021\/22 keine Veranstaltungen\"}]},{\"@type\":\"WebSite\",\"@id\":\"https:\/\/www.bennunger-kc.de\/#website\",\"url\":\"https:\/\/www.bennunger-kc.de\/\",\"name\":\"Bennunger Karneval Club\",\"description\":\"\",\"potentialAction\":[{\"@type\":\"SearchAction\",\"target\":{\"@type\":\"EntryPoint\",\"urlTemplate\":\"https:\/\/www.bennunger-kc.de\/?s={search_term_string}\"},\"query-input\":\"required name=search_term_string\"}],\"inLanguage\":\"de\"},{\"@type\":\"Person\",\"@id\":\"https:\/\/www.bennunger-kc.de\/#\/schema\/person\/37dc4e5cc05ed7cd511f8d042c72fc5e\",\"name\":\"Stefan Ga\u00dfmann\",\"image\":{\"@type\":\"ImageObject\",\"inLanguage\":\"de\",\"@id\":\"https:\/\/www.bennunger-kc.de\/#\/schema\/person\/image\/\",\"url\":\"https:\/\/secure.gravatar.com\/avatar\/6bc27a9ae158229a2b39e6f3d3cb0fe0?s=96&d=mm&r=g\",\"contentUrl\":\"https:\/\/secure.gravatar.com\/avatar\/6bc27a9ae158229a2b39e6f3d3cb0fe0?s=96&d=mm&r=g\",\"caption\":\"Stefan Ga\u00dfmann\"},\"url\":\"https:\/\/www.bennunger-kc.de\/?author=2\"}]}<\/script>\n<!-- \/ Yoast SEO plugin. -->","yoast_head_json":{"title":"Auch 2021\/22 keine Veranstaltungen - Bennunger Karneval Club","robots":{"index":"index","follow":"follow","max-snippet":"max-snippet:-1","max-image-preview":"max-image-preview:large","max-video-preview":"max-video-preview:-1"},"canonical":"https:\/\/www.bennunger-kc.de\/?p=7725","og_locale":"de_DE","og_type":"article","og_title":"Auch 2021\/22 keine Veranstaltungen - Bennunger Karneval Club","og_description":"Liebe Freunde des Bennunger Karneval Clubs! Seit dieser Woche ist es traurige Gewissheit: Das Coronavirus hat auch in Sachsen-Anhalt die Herrschaft \u00fcbernommen. Trotz Schl\u00fcssel\u00fcbergabe vor der Gemeinde, Umzug in Wallhausen und der einen oder anderen Trainingseinheit. Mit dem heutigen Tag sagen auch wir unsere Veranstaltungen f\u00fcr die Session 2021\/22 ab. Dennoch hoffen wir, dass sich &hellip; \u201eAuch 2021\/22 keine Veranstaltungen\u201c weiterlesen","og_url":"https:\/\/www.bennunger-kc.de\/?p=7725","og_site_name":"Bennunger Karneval Club","article_published_time":"2021-11-19T21:16:44+00:00","article_modified_time":"2021-11-19T21:16:46+00:00","author":"Stefan Ga\u00dfmann","twitter_misc":{"Verfasst von":"Stefan Ga\u00dfmann"},"schema":{"@context":"https:\/\/schema.org","@graph":[{"@type":"WebPage","@id":"https:\/\/www.bennunger-kc.de\/?p=7725","url":"https:\/\/www.bennunger-kc.de\/?p=7725","name":"Auch 2021\/22 keine Veranstaltungen - Bennunger Karneval Club","isPartOf":{"@id":"https:\/\/www.bennunger-kc.de\/#website"},"datePublished":"2021-11-19T21:16:44+00:00","dateModified":"2021-11-19T21:16:46+00:00","author":{"@id":"https:\/\/www.bennunger-kc.de\/#\/schema\/person\/37dc4e5cc05ed7cd511f8d042c72fc5e"},"breadcrumb":{"@id":"https:\/\/www.bennunger-kc.de\/?p=7725#breadcrumb"},"inLanguage":"de","potentialAction":[{"@type":"ReadAction","target":["https:\/\/www.bennunger-kc.de\/?p=7725"]}]},{"@type":"BreadcrumbList","@id":"https:\/\/www.bennunger-kc.de\/?p=7725#breadcrumb","itemListElement":[{"@type":"ListItem","position":1,"name":"Home","item":"https:\/\/www.bennunger-kc.de\/"},{"@type":"ListItem","position":2,"name":"Auch 2021\/22 keine Veranstaltungen"}]},{"@type":"WebSite","@id":"https:\/\/www.bennunger-kc.de\/#website","url":"https:\/\/www.bennunger-kc.de\/","name":"Bennunger Karneval Club","description":"","potentialAction":[{"@type":"SearchAction","target":{"@type":"EntryPoint","urlTemplate":"https:\/\/www.bennunger-kc.de\/?s={search_term_string}"},"query-input":"required name=search_term_string"}],"inLanguage":"de"},{"@type":"Person","@id":"https:\/\/www.bennunger-kc.de\/#\/schema\/person\/37dc4e5cc05ed7cd511f8d042c72fc5e","name":"Stefan Ga\u00dfmann","image":{"@type":"ImageObject","inLanguage":"de","@id":"https:\/\/www.bennunger-kc.de\/#\/schema\/person\/image\/","url":"https:\/\/secure.gravatar.com\/avatar\/6bc27a9ae158229a2b39e6f3d3cb0fe0?s=96&d=mm&r=g","contentUrl":"https:\/\/secure.gravatar.com\/avatar\/6bc27a9ae158229a2b39e6f3d3cb0fe0?s=96&d=mm&r=g","caption":"Stefan Ga\u00dfmann"},"url":"https:\/\/www.bennunger-kc.de\/?author=2"}]}},"_links":{"self":[{"href":"https:\/\/www.bennunger-kc.de\/index.php?rest_route=\/wp\/v2\/posts\/7725"}],"collection":[{"href":"https:\/\/www.bennunger-kc.de\/index.php?rest_route=\/wp\/v2\/posts"}],"about":[{"href":"https:\/\/www.bennunger-kc.de\/index.php?rest_route=\/wp\/v2\/types\/post"}],"author":[{"embeddable":true,"href":"https:\/\/www.bennunger-kc.de\/index.php?rest_route=\/wp\/v2\/users\/2"}],"replies":[{"embeddable":true,"href":"https:\/\/www.bennunger-kc.de\/index.php?rest_route=%2Fwp%2Fv2%2Fcomments&post=7725"}],"version-history":[{"count":1,"href":"https:\/\/www.bennunger-kc.de\/index.php?rest_route=\/wp\/v2\/posts\/7725\/revisions"}],"predecessor-version":[{"id":7726,"href":"https:\/\/www.bennunger-kc.de\/index.php?rest_route=\/wp\/v2\/posts\/7725\/revisions\/7726"}],"wp:attachment":[{"href":"https:\/\/www.bennunger-kc.de\/index.php?rest_route=%2Fwp%2Fv2%2Fmedia&parent=7725"}],"wp:term":[{"taxonomy":"category","embeddable":true,"href":"https:\/\/www.bennunger-kc.de\/index.php?rest_route=%2Fwp%2Fv2%2Fcategories&post=7725"},{"taxonomy":"post_tag","embeddable":true,"href":"https:\/\/www.bennunger-kc.de\/index.php?rest_route=%2Fwp%2Fv2%2Ftags&post=7725"}],"curies":[{"name":"wp","href":"https:\/\/api.w.org\/{rel}","templated":true}]}}