{"id":7682,"date":"2020-10-10T11:48:00","date_gmt":"2020-10-10T09:48:00","guid":{"rendered":"http:\/\/www.bennunger-kc.de\/?p=7682"},"modified":"2020-10-25T13:39:24","modified_gmt":"2020-10-25T11:39:24","slug":"2020-ein-schweres-jahr-fuer-die-gesellschaft","status":"publish","type":"post","link":"https:\/\/www.bennunger-kc.de\/?p=7682","title":{"rendered":"2020 &#8211; ein schweres Jahr f\u00fcr die Gesellschaft"},"content":{"rendered":"\n<p>Auch vor der f\u00fcnften Jahreszeit macht die &#8222;Corona-Krise&#8220; nicht halt. So haben sich die Mitglieder des Bennunger Karneval Clubs in unserer Mitgliederversammlung daf\u00fcr ausgesprochen, in der Session 2020\/2021 keine Karnevalsveranstaltungen &#8211; auch nicht unter &#8222;freiem Himmel&#8220; &#8211; durchzuf\u00fchren.<\/p>\n\n\n\n<p>Wir bitten alle unsere Besucher um Verst\u00e4ndnis und hoffen, dass wir bald wieder die M\u00f6glichkeit zur Aus\u00fcbung unseres Hobbys, viel mehr eigentlich sogar unserer <strong>Leidenschaft<\/strong>, unter sicheren Bedingungen haben.<\/p>\n\n\n\n<p>Liebe G\u00e4ste &#8211; bleibt Gesund und trotz aller Einschr\u00e4nkungen: vergesst auch mal das Lachen nicht. \ud83d\ude42<\/p>\n","protected":false},"excerpt":{"rendered":"<p>Auch vor der f\u00fcnften Jahreszeit macht die &#8222;Corona-Krise&#8220; nicht halt. So haben sich die Mitglieder des Bennunger Karneval Clubs in unserer Mitgliederversammlung daf\u00fcr ausgesprochen, in der Session 2020\/2021 keine Karnevalsveranstaltungen &#8211; auch nicht unter &#8222;freiem Himmel&#8220; &#8211; durchzuf\u00fchren. Wir bitten alle unsere Besucher um Verst\u00e4ndnis und hoffen, dass wir bald wieder die M\u00f6glichkeit zur Aus\u00fcbung &hellip; <\/p>\n<p class=\"link-more\"><a href=\"https:\/\/www.bennunger-kc.de\/?p=7682\" class=\"more-link\"><span class=\"screen-reader-text\">\u201e2020 &#8211; ein schweres Jahr f\u00fcr die Gesellschaft\u201c<\/span> weiterlesen<\/a><\/p>\n","protected":false},"author":2,"featured_media":0,"comment_status":"open","ping_status":"open","sticky":false,"template":"","format":"standard","meta":{"ngg_post_thumbnail":0},"categories":[1],"tags":[],"yoast_head":"<!-- This site is optimized with the Yoast SEO plugin v19.14 - https:\/\/yoast.com\/wordpress\/plugins\/seo\/ -->\n<title>2020 - ein schweres Jahr f\u00fcr die Gesellschaft - Bennunger Karneval Club<\/title>\n<meta name=\"robots\" content=\"index, follow, max-snippet:-1, max-image-preview:large, max-video-preview:-1\" \/>\n<link rel=\"canonical\" href=\"https:\/\/www.bennunger-kc.de\/?p=7682\" \/>\n<meta property=\"og:locale\" content=\"de_DE\" \/>\n<meta property=\"og:type\" content=\"article\" \/>\n<meta property=\"og:title\" content=\"2020 - ein schweres Jahr f\u00fcr die Gesellschaft - Bennunger Karneval Club\" \/>\n<meta property=\"og:description\" content=\"Auch vor der f\u00fcnften Jahreszeit macht die &#8222;Corona-Krise&#8220; nicht halt. So haben sich die Mitglieder des Bennunger Karneval Clubs in unserer Mitgliederversammlung daf\u00fcr ausgesprochen, in der Session 2020\/2021 keine Karnevalsveranstaltungen &#8211; auch nicht unter &#8222;freiem Himmel&#8220; &#8211; durchzuf\u00fchren. Wir bitten alle unsere Besucher um Verst\u00e4ndnis und hoffen, dass wir bald wieder die M\u00f6glichkeit zur Aus\u00fcbung &hellip; \u201e2020 &#8211; ein schweres Jahr f\u00fcr die Gesellschaft\u201c weiterlesen\" \/>\n<meta property=\"og:url\" content=\"https:\/\/www.bennunger-kc.de\/?p=7682\" \/>\n<meta property=\"og:site_name\" content=\"Bennunger Karneval Club\" \/>\n<meta property=\"article:published_time\" content=\"2020-10-10T09:48:00+00:00\" \/>\n<meta property=\"article:modified_time\" content=\"2020-10-25T11:39:24+00:00\" \/>\n<meta name=\"author\" content=\"Stefan Ga\u00dfmann\" \/>\n<meta name=\"twitter:label1\" content=\"Verfasst von\" \/>\n\t<meta name=\"twitter:data1\" content=\"Stefan Ga\u00dfmann\" \/>\n<script type=\"application\/ld+json\" class=\"yoast-schema-graph\">{\"@context\":\"https:\/\/schema.org\",\"@graph\":[{\"@type\":\"WebPage\",\"@id\":\"https:\/\/www.bennunger-kc.de\/?p=7682\",\"url\":\"https:\/\/www.bennunger-kc.de\/?p=7682\",\"name\":\"2020 - ein schweres Jahr f\u00fcr die Gesellschaft - Bennunger Karneval Club\",\"isPartOf\":{\"@id\":\"https:\/\/www.bennunger-kc.de\/#website\"},\"datePublished\":\"2020-10-10T09:48:00+00:00\",\"dateModified\":\"2020-10-25T11:39:24+00:00\",\"author\":{\"@id\":\"https:\/\/www.bennunger-kc.de\/#\/schema\/person\/37dc4e5cc05ed7cd511f8d042c72fc5e\"},\"breadcrumb\":{\"@id\":\"https:\/\/www.bennunger-kc.de\/?p=7682#breadcrumb\"},\"inLanguage\":\"de\",\"potentialAction\":[{\"@type\":\"ReadAction\",\"target\":[\"https:\/\/www.bennunger-kc.de\/?p=7682\"]}]},{\"@type\":\"BreadcrumbList\",\"@id\":\"https:\/\/www.bennunger-kc.de\/?p=7682#breadcrumb\",\"itemListElement\":[{\"@type\":\"ListItem\",\"position\":1,\"name\":\"Home\",\"item\":\"https:\/\/www.bennunger-kc.de\/\"},{\"@type\":\"ListItem\",\"position\":2,\"name\":\"2020 &#8211; ein schweres Jahr f\u00fcr die Gesellschaft\"}]},{\"@type\":\"WebSite\",\"@id\":\"https:\/\/www.bennunger-kc.de\/#website\",\"url\":\"https:\/\/www.bennunger-kc.de\/\",\"name\":\"Bennunger Karneval Club\",\"description\":\"\",\"potentialAction\":[{\"@type\":\"SearchAction\",\"target\":{\"@type\":\"EntryPoint\",\"urlTemplate\":\"https:\/\/www.bennunger-kc.de\/?s={search_term_string}\"},\"query-input\":\"required name=search_term_string\"}],\"inLanguage\":\"de\"},{\"@type\":\"Person\",\"@id\":\"https:\/\/www.bennunger-kc.de\/#\/schema\/person\/37dc4e5cc05ed7cd511f8d042c72fc5e\",\"name\":\"Stefan Ga\u00dfmann\",\"image\":{\"@type\":\"ImageObject\",\"inLanguage\":\"de\",\"@id\":\"https:\/\/www.bennunger-kc.de\/#\/schema\/person\/image\/\",\"url\":\"https:\/\/secure.gravatar.com\/avatar\/6bc27a9ae158229a2b39e6f3d3cb0fe0?s=96&d=mm&r=g\",\"contentUrl\":\"https:\/\/secure.gravatar.com\/avatar\/6bc27a9ae158229a2b39e6f3d3cb0fe0?s=96&d=mm&r=g\",\"caption\":\"Stefan Ga\u00dfmann\"},\"url\":\"https:\/\/www.bennunger-kc.de\/?author=2\"}]}<\/script>\n<!-- \/ Yoast SEO plugin. -->","yoast_head_json":{"title":"2020 - ein schweres Jahr f\u00fcr die Gesellschaft - Bennunger Karneval Club","robots":{"index":"index","follow":"follow","max-snippet":"max-snippet:-1","max-image-preview":"max-image-preview:large","max-video-preview":"max-video-preview:-1"},"canonical":"https:\/\/www.bennunger-kc.de\/?p=7682","og_locale":"de_DE","og_type":"article","og_title":"2020 - ein schweres Jahr f\u00fcr die Gesellschaft - Bennunger Karneval Club","og_description":"Auch vor der f\u00fcnften Jahreszeit macht die &#8222;Corona-Krise&#8220; nicht halt. So haben sich die Mitglieder des Bennunger Karneval Clubs in unserer Mitgliederversammlung daf\u00fcr ausgesprochen, in der Session 2020\/2021 keine Karnevalsveranstaltungen &#8211; auch nicht unter &#8222;freiem Himmel&#8220; &#8211; durchzuf\u00fchren. Wir bitten alle unsere Besucher um Verst\u00e4ndnis und hoffen, dass wir bald wieder die M\u00f6glichkeit zur Aus\u00fcbung &hellip; \u201e2020 &#8211; ein schweres Jahr f\u00fcr die Gesellschaft\u201c weiterlesen","og_url":"https:\/\/www.bennunger-kc.de\/?p=7682","og_site_name":"Bennunger Karneval Club","article_published_time":"2020-10-10T09:48:00+00:00","article_modified_time":"2020-10-25T11:39:24+00:00","author":"Stefan Ga\u00dfmann","twitter_misc":{"Verfasst von":"Stefan Ga\u00dfmann"},"schema":{"@context":"https:\/\/schema.org","@graph":[{"@type":"WebPage","@id":"https:\/\/www.bennunger-kc.de\/?p=7682","url":"https:\/\/www.bennunger-kc.de\/?p=7682","name":"2020 - ein schweres Jahr f\u00fcr die Gesellschaft - Bennunger Karneval Club","isPartOf":{"@id":"https:\/\/www.bennunger-kc.de\/#website"},"datePublished":"2020-10-10T09:48:00+00:00","dateModified":"2020-10-25T11:39:24+00:00","author":{"@id":"https:\/\/www.bennunger-kc.de\/#\/schema\/person\/37dc4e5cc05ed7cd511f8d042c72fc5e"},"breadcrumb":{"@id":"https:\/\/www.bennunger-kc.de\/?p=7682#breadcrumb"},"inLanguage":"de","potentialAction":[{"@type":"ReadAction","target":["https:\/\/www.bennunger-kc.de\/?p=7682"]}]},{"@type":"BreadcrumbList","@id":"https:\/\/www.bennunger-kc.de\/?p=7682#breadcrumb","itemListElement":[{"@type":"ListItem","position":1,"name":"Home","item":"https:\/\/www.bennunger-kc.de\/"},{"@type":"ListItem","position":2,"name":"2020 &#8211; ein schweres Jahr f\u00fcr die Gesellschaft"}]},{"@type":"WebSite","@id":"https:\/\/www.bennunger-kc.de\/#website","url":"https:\/\/www.bennunger-kc.de\/","name":"Bennunger Karneval Club","description":"","potentialAction":[{"@type":"SearchAction","target":{"@type":"EntryPoint","urlTemplate":"https:\/\/www.bennunger-kc.de\/?s={search_term_string}"},"query-input":"required name=search_term_string"}],"inLanguage":"de"},{"@type":"Person","@id":"https:\/\/www.bennunger-kc.de\/#\/schema\/person\/37dc4e5cc05ed7cd511f8d042c72fc5e","name":"Stefan Ga\u00dfmann","image":{"@type":"ImageObject","inLanguage":"de","@id":"https:\/\/www.bennunger-kc.de\/#\/schema\/person\/image\/","url":"https:\/\/secure.gravatar.com\/avatar\/6bc27a9ae158229a2b39e6f3d3cb0fe0?s=96&d=mm&r=g","contentUrl":"https:\/\/secure.gravatar.com\/avatar\/6bc27a9ae158229a2b39e6f3d3cb0fe0?s=96&d=mm&r=g","caption":"Stefan Ga\u00dfmann"},"url":"https:\/\/www.bennunger-kc.de\/?author=2"}]}},"_links":{"self":[{"href":"https:\/\/www.bennunger-kc.de\/index.php?rest_route=\/wp\/v2\/posts\/7682"}],"collection":[{"href":"https:\/\/www.bennunger-kc.de\/index.php?rest_route=\/wp\/v2\/posts"}],"about":[{"href":"https:\/\/www.bennunger-kc.de\/index.php?rest_route=\/wp\/v2\/types\/post"}],"author":[{"embeddable":true,"href":"https:\/\/www.bennunger-kc.de\/index.php?rest_route=\/wp\/v2\/users\/2"}],"replies":[{"embeddable":true,"href":"https:\/\/www.bennunger-kc.de\/index.php?rest_route=%2Fwp%2Fv2%2Fcomments&post=7682"}],"version-history":[{"count":1,"href":"https:\/\/www.bennunger-kc.de\/index.php?rest_route=\/wp\/v2\/posts\/7682\/revisions"}],"predecessor-version":[{"id":7683,"href":"https:\/\/www.bennunger-kc.de\/index.php?rest_route=\/wp\/v2\/posts\/7682\/revisions\/7683"}],"wp:attachment":[{"href":"https:\/\/www.bennunger-kc.de\/index.php?rest_route=%2Fwp%2Fv2%2Fmedia&parent=7682"}],"wp:term":[{"taxonomy":"category","embeddable":true,"href":"https:\/\/www.bennunger-kc.de\/index.php?rest_route=%2Fwp%2Fv2%2Fcategories&post=7682"},{"taxonomy":"post_tag","embeddable":true,"href":"https:\/\/www.bennunger-kc.de\/index.php?rest_route=%2Fwp%2Fv2%2Ftags&post=7682"}],"curies":[{"name":"wp","href":"https:\/\/api.w.org\/{rel}","templated":true}]}}