{"id":3454,"date":"2017-08-02T23:31:02","date_gmt":"2017-08-02T21:31:02","guid":{"rendered":"http:\/\/www.bennunger-kc.de\/?p=3454"},"modified":"2017-08-21T17:30:03","modified_gmt":"2017-08-21T15:30:03","slug":"1-grosser-bkc-kostuembasar","status":"publish","type":"post","link":"https:\/\/www.bennunger-kc.de\/?p=3454","title":{"rendered":"1. gro\u00dfer BKC Kost\u00fcmbasar"},"content":{"rendered":"<p>Auch im Kleiderscharnk unseres BKC wird es einmal voll. Aus diesem Grund wollen wir einige unserer Kost\u00fcme an andere Vereine und Privatpersonen verkaufen.<\/p>\n<p>Wir freuen uns daher sehr, den 1. gro\u00dfen Bennunger Kost\u00fcmbasar ank\u00fcndigen zu d\u00fcrfen, welcher an folgenden Tagen stattfindet:<\/p>\n<p><strong>Freitag, 8. September, 18:00 Uhr &#8211; 20:00 Uhr<\/strong><br \/>\n<strong>Sonnabend, 9. September, 10:00 Uhr &#8211; 12:00 Uhr<\/strong><\/p>\n<p>Eine Vorschau zu einigen der zum Verkauf stehenden Kost\u00fcme findet ihr hier:<\/p>\n<p><a href=\"http:\/\/www.bennunger-kc.de\/bkc-fundus\/Fundus_Kostuemverkauf.html\" target=\"_blank\">http:\/\/www.bennunger-kc.de\/bkc-fundus\/Fundus_Kostuemverkauf.html<\/a><\/p>\n<p>Wir hoffen, dass auch etwas f\u00fcr euch dabei ist, und freuen uns \u00fcber zahlreichen Besuch!<\/p>\n<p><a href=\"http:\/\/www.bennunger-kc.de\/wp-content\/uploads\/2017\/08\/2017-08-03_Flyer_BKC-Kostuembasar.jpg\"><img decoding=\"async\" loading=\"lazy\" class=\"wp-image-3463 aligncenter\" src=\"http:\/\/www.bennunger-kc.de\/wp-content\/uploads\/2017\/08\/2017-08-03_Flyer_BKC-Kostuembasar-214x300.jpg\" alt=\"BKC Kost\u00fcmbasar 2017\" width=\"266\" height=\"373\" srcset=\"https:\/\/www.bennunger-kc.de\/wp-content\/uploads\/2017\/08\/2017-08-03_Flyer_BKC-Kostuembasar-214x300.jpg 214w, https:\/\/www.bennunger-kc.de\/wp-content\/uploads\/2017\/08\/2017-08-03_Flyer_BKC-Kostuembasar-730x1024.jpg 730w, https:\/\/www.bennunger-kc.de\/wp-content\/uploads\/2017\/08\/2017-08-03_Flyer_BKC-Kostuembasar.jpg 1264w\" sizes=\"(max-width: 266px) 100vw, 266px\" \/><\/a><\/p>\n","protected":false},"excerpt":{"rendered":"<p>Auch im Kleiderscharnk unseres BKC wird es einmal voll. Aus diesem Grund wollen wir einige unserer Kost\u00fcme an andere Vereine und Privatpersonen verkaufen. Wir freuen uns daher sehr, den 1. gro\u00dfen Bennunger Kost\u00fcmbasar ank\u00fcndigen zu d\u00fcrfen, welcher an folgenden Tagen stattfindet: Freitag, 8. September, 18:00 Uhr &#8211; 20:00 Uhr Sonnabend, 9. September, 10:00 Uhr &#8211; &hellip; <\/p>\n<p class=\"link-more\"><a href=\"https:\/\/www.bennunger-kc.de\/?p=3454\" class=\"more-link\"><span class=\"screen-reader-text\">\u201e1. gro\u00dfer BKC Kost\u00fcmbasar\u201c<\/span> weiterlesen<\/a><\/p>\n","protected":false},"author":1,"featured_media":0,"comment_status":"open","ping_status":"open","sticky":false,"template":"","format":"standard","meta":{"ngg_post_thumbnail":0},"categories":[1],"tags":[],"yoast_head":"<!-- This site is optimized with the Yoast SEO plugin v19.14 - https:\/\/yoast.com\/wordpress\/plugins\/seo\/ -->\n<title>1. gro\u00dfer BKC Kost\u00fcmbasar - Bennunger Karneval Club<\/title>\n<meta name=\"robots\" content=\"index, follow, max-snippet:-1, max-image-preview:large, max-video-preview:-1\" \/>\n<link rel=\"canonical\" href=\"https:\/\/www.bennunger-kc.de\/?p=3454\" \/>\n<meta property=\"og:locale\" content=\"de_DE\" \/>\n<meta property=\"og:type\" content=\"article\" \/>\n<meta property=\"og:title\" content=\"1. gro\u00dfer BKC Kost\u00fcmbasar - Bennunger Karneval Club\" \/>\n<meta property=\"og:description\" content=\"Auch im Kleiderscharnk unseres BKC wird es einmal voll. Aus diesem Grund wollen wir einige unserer Kost\u00fcme an andere Vereine und Privatpersonen verkaufen. Wir freuen uns daher sehr, den 1. gro\u00dfen Bennunger Kost\u00fcmbasar ank\u00fcndigen zu d\u00fcrfen, welcher an folgenden Tagen stattfindet: Freitag, 8. September, 18:00 Uhr &#8211; 20:00 Uhr Sonnabend, 9. September, 10:00 Uhr &#8211; &hellip; \u201e1. gro\u00dfer BKC Kost\u00fcmbasar\u201c weiterlesen\" \/>\n<meta property=\"og:url\" content=\"https:\/\/www.bennunger-kc.de\/?p=3454\" \/>\n<meta property=\"og:site_name\" content=\"Bennunger Karneval Club\" \/>\n<meta property=\"article:published_time\" content=\"2017-08-02T21:31:02+00:00\" \/>\n<meta property=\"article:modified_time\" content=\"2017-08-21T15:30:03+00:00\" \/>\n<meta property=\"og:image\" content=\"http:\/\/www.bennunger-kc.de\/wp-content\/uploads\/2017\/08\/2017-08-03_Flyer_BKC-Kostuembasar-214x300.jpg\" \/>\n<meta name=\"author\" content=\"bkc-admin\" \/>\n<meta name=\"twitter:label1\" content=\"Verfasst von\" \/>\n\t<meta name=\"twitter:data1\" content=\"bkc-admin\" \/>\n<script type=\"application\/ld+json\" class=\"yoast-schema-graph\">{\"@context\":\"https:\/\/schema.org\",\"@graph\":[{\"@type\":\"WebPage\",\"@id\":\"https:\/\/www.bennunger-kc.de\/?p=3454\",\"url\":\"https:\/\/www.bennunger-kc.de\/?p=3454\",\"name\":\"1. gro\u00dfer BKC Kost\u00fcmbasar - Bennunger Karneval Club\",\"isPartOf\":{\"@id\":\"https:\/\/www.bennunger-kc.de\/#website\"},\"datePublished\":\"2017-08-02T21:31:02+00:00\",\"dateModified\":\"2017-08-21T15:30:03+00:00\",\"author\":{\"@id\":\"https:\/\/www.bennunger-kc.de\/#\/schema\/person\/85899b079f33687037a80b6df807f67a\"},\"breadcrumb\":{\"@id\":\"https:\/\/www.bennunger-kc.de\/?p=3454#breadcrumb\"},\"inLanguage\":\"de\",\"potentialAction\":[{\"@type\":\"ReadAction\",\"target\":[\"https:\/\/www.bennunger-kc.de\/?p=3454\"]}]},{\"@type\":\"BreadcrumbList\",\"@id\":\"https:\/\/www.bennunger-kc.de\/?p=3454#breadcrumb\",\"itemListElement\":[{\"@type\":\"ListItem\",\"position\":1,\"name\":\"Home\",\"item\":\"https:\/\/www.bennunger-kc.de\/\"},{\"@type\":\"ListItem\",\"position\":2,\"name\":\"1. gro\u00dfer BKC Kost\u00fcmbasar\"}]},{\"@type\":\"WebSite\",\"@id\":\"https:\/\/www.bennunger-kc.de\/#website\",\"url\":\"https:\/\/www.bennunger-kc.de\/\",\"name\":\"Bennunger Karneval Club\",\"description\":\"\",\"potentialAction\":[{\"@type\":\"SearchAction\",\"target\":{\"@type\":\"EntryPoint\",\"urlTemplate\":\"https:\/\/www.bennunger-kc.de\/?s={search_term_string}\"},\"query-input\":\"required name=search_term_string\"}],\"inLanguage\":\"de\"},{\"@type\":\"Person\",\"@id\":\"https:\/\/www.bennunger-kc.de\/#\/schema\/person\/85899b079f33687037a80b6df807f67a\",\"name\":\"bkc-admin\",\"image\":{\"@type\":\"ImageObject\",\"inLanguage\":\"de\",\"@id\":\"https:\/\/www.bennunger-kc.de\/#\/schema\/person\/image\/\",\"url\":\"https:\/\/secure.gravatar.com\/avatar\/946ad737178bda41d836c9d5969d714c?s=96&d=mm&r=g\",\"contentUrl\":\"https:\/\/secure.gravatar.com\/avatar\/946ad737178bda41d836c9d5969d714c?s=96&d=mm&r=g\",\"caption\":\"bkc-admin\"},\"url\":\"https:\/\/www.bennunger-kc.de\/?author=1\"}]}<\/script>\n<!-- \/ Yoast SEO plugin. -->","yoast_head_json":{"title":"1. gro\u00dfer BKC Kost\u00fcmbasar - Bennunger Karneval Club","robots":{"index":"index","follow":"follow","max-snippet":"max-snippet:-1","max-image-preview":"max-image-preview:large","max-video-preview":"max-video-preview:-1"},"canonical":"https:\/\/www.bennunger-kc.de\/?p=3454","og_locale":"de_DE","og_type":"article","og_title":"1. gro\u00dfer BKC Kost\u00fcmbasar - Bennunger Karneval Club","og_description":"Auch im Kleiderscharnk unseres BKC wird es einmal voll. Aus diesem Grund wollen wir einige unserer Kost\u00fcme an andere Vereine und Privatpersonen verkaufen. Wir freuen uns daher sehr, den 1. gro\u00dfen Bennunger Kost\u00fcmbasar ank\u00fcndigen zu d\u00fcrfen, welcher an folgenden Tagen stattfindet: Freitag, 8. September, 18:00 Uhr &#8211; 20:00 Uhr Sonnabend, 9. September, 10:00 Uhr &#8211; &hellip; \u201e1. gro\u00dfer BKC Kost\u00fcmbasar\u201c weiterlesen","og_url":"https:\/\/www.bennunger-kc.de\/?p=3454","og_site_name":"Bennunger Karneval Club","article_published_time":"2017-08-02T21:31:02+00:00","article_modified_time":"2017-08-21T15:30:03+00:00","og_image":[{"url":"http:\/\/www.bennunger-kc.de\/wp-content\/uploads\/2017\/08\/2017-08-03_Flyer_BKC-Kostuembasar-214x300.jpg"}],"author":"bkc-admin","twitter_misc":{"Verfasst von":"bkc-admin"},"schema":{"@context":"https:\/\/schema.org","@graph":[{"@type":"WebPage","@id":"https:\/\/www.bennunger-kc.de\/?p=3454","url":"https:\/\/www.bennunger-kc.de\/?p=3454","name":"1. gro\u00dfer BKC Kost\u00fcmbasar - Bennunger Karneval Club","isPartOf":{"@id":"https:\/\/www.bennunger-kc.de\/#website"},"datePublished":"2017-08-02T21:31:02+00:00","dateModified":"2017-08-21T15:30:03+00:00","author":{"@id":"https:\/\/www.bennunger-kc.de\/#\/schema\/person\/85899b079f33687037a80b6df807f67a"},"breadcrumb":{"@id":"https:\/\/www.bennunger-kc.de\/?p=3454#breadcrumb"},"inLanguage":"de","potentialAction":[{"@type":"ReadAction","target":["https:\/\/www.bennunger-kc.de\/?p=3454"]}]},{"@type":"BreadcrumbList","@id":"https:\/\/www.bennunger-kc.de\/?p=3454#breadcrumb","itemListElement":[{"@type":"ListItem","position":1,"name":"Home","item":"https:\/\/www.bennunger-kc.de\/"},{"@type":"ListItem","position":2,"name":"1. gro\u00dfer BKC Kost\u00fcmbasar"}]},{"@type":"WebSite","@id":"https:\/\/www.bennunger-kc.de\/#website","url":"https:\/\/www.bennunger-kc.de\/","name":"Bennunger Karneval Club","description":"","potentialAction":[{"@type":"SearchAction","target":{"@type":"EntryPoint","urlTemplate":"https:\/\/www.bennunger-kc.de\/?s={search_term_string}"},"query-input":"required name=search_term_string"}],"inLanguage":"de"},{"@type":"Person","@id":"https:\/\/www.bennunger-kc.de\/#\/schema\/person\/85899b079f33687037a80b6df807f67a","name":"bkc-admin","image":{"@type":"ImageObject","inLanguage":"de","@id":"https:\/\/www.bennunger-kc.de\/#\/schema\/person\/image\/","url":"https:\/\/secure.gravatar.com\/avatar\/946ad737178bda41d836c9d5969d714c?s=96&d=mm&r=g","contentUrl":"https:\/\/secure.gravatar.com\/avatar\/946ad737178bda41d836c9d5969d714c?s=96&d=mm&r=g","caption":"bkc-admin"},"url":"https:\/\/www.bennunger-kc.de\/?author=1"}]}},"_links":{"self":[{"href":"https:\/\/www.bennunger-kc.de\/index.php?rest_route=\/wp\/v2\/posts\/3454"}],"collection":[{"href":"https:\/\/www.bennunger-kc.de\/index.php?rest_route=\/wp\/v2\/posts"}],"about":[{"href":"https:\/\/www.bennunger-kc.de\/index.php?rest_route=\/wp\/v2\/types\/post"}],"author":[{"embeddable":true,"href":"https:\/\/www.bennunger-kc.de\/index.php?rest_route=\/wp\/v2\/users\/1"}],"replies":[{"embeddable":true,"href":"https:\/\/www.bennunger-kc.de\/index.php?rest_route=%2Fwp%2Fv2%2Fcomments&post=3454"}],"version-history":[{"count":4,"href":"https:\/\/www.bennunger-kc.de\/index.php?rest_route=\/wp\/v2\/posts\/3454\/revisions"}],"predecessor-version":[{"id":3466,"href":"https:\/\/www.bennunger-kc.de\/index.php?rest_route=\/wp\/v2\/posts\/3454\/revisions\/3466"}],"wp:attachment":[{"href":"https:\/\/www.bennunger-kc.de\/index.php?rest_route=%2Fwp%2Fv2%2Fmedia&parent=3454"}],"wp:term":[{"taxonomy":"category","embeddable":true,"href":"https:\/\/www.bennunger-kc.de\/index.php?rest_route=%2Fwp%2Fv2%2Fcategories&post=3454"},{"taxonomy":"post_tag","embeddable":true,"href":"https:\/\/www.bennunger-kc.de\/index.php?rest_route=%2Fwp%2Fv2%2Ftags&post=3454"}],"curies":[{"name":"wp","href":"https:\/\/api.w.org\/{rel}","templated":true}]}}