{"id":3419,"date":"2016-03-20T16:18:27","date_gmt":"2016-03-20T14:18:27","guid":{"rendered":"http:\/\/www.bennunger-kc.de\/?p=3419"},"modified":"2016-03-20T16:18:27","modified_gmt":"2016-03-20T14:18:27","slug":"35-jahre-bkc-die-bilder-sind-on-line","status":"publish","type":"post","link":"https:\/\/www.bennunger-kc.de\/?p=3419","title":{"rendered":"35 Jahre BKC &#8211; Die Bilder sind &#8222;on-line&#8220;"},"content":{"rendered":"<p>\u00dcber einen Monat ist die karnevalfreie Zeit schon alt, da m\u00f6chten wir euch doch gleich wieder die sch\u00f6nsten Momente unserer 35. Session zur\u00fcck ins Ged\u00e4chtnis rufen. \ud83d\ude09<\/p>\n<p>Hier gelangt ihr zu unserer Bildergalerie:\u00a0<a href=\"http:\/\/www.bennunger-kc.de\/?page_id=2230\">Bilder 2016<\/a><\/p>\n","protected":false},"excerpt":{"rendered":"<p>\u00dcber einen Monat ist die karnevalfreie Zeit schon alt, da m\u00f6chten wir euch doch gleich wieder die sch\u00f6nsten Momente unserer 35. Session zur\u00fcck ins Ged\u00e4chtnis rufen. \ud83d\ude09 Hier gelangt ihr zu unserer Bildergalerie:\u00a0Bilder 2016<\/p>\n","protected":false},"author":1,"featured_media":0,"comment_status":"open","ping_status":"open","sticky":false,"template":"","format":"standard","meta":{"ngg_post_thumbnail":0},"categories":[1],"tags":[],"yoast_head":"<!-- This site is optimized with the Yoast SEO plugin v19.14 - https:\/\/yoast.com\/wordpress\/plugins\/seo\/ -->\n<title>35 Jahre BKC - Die Bilder sind &quot;on-line&quot; - Bennunger Karneval Club<\/title>\n<meta name=\"robots\" content=\"index, follow, max-snippet:-1, max-image-preview:large, max-video-preview:-1\" \/>\n<link rel=\"canonical\" href=\"https:\/\/www.bennunger-kc.de\/?p=3419\" \/>\n<meta property=\"og:locale\" content=\"de_DE\" \/>\n<meta property=\"og:type\" content=\"article\" \/>\n<meta property=\"og:title\" content=\"35 Jahre BKC - Die Bilder sind &quot;on-line&quot; - Bennunger Karneval Club\" \/>\n<meta property=\"og:description\" content=\"\u00dcber einen Monat ist die karnevalfreie Zeit schon alt, da m\u00f6chten wir euch doch gleich wieder die sch\u00f6nsten Momente unserer 35. Session zur\u00fcck ins Ged\u00e4chtnis rufen. \ud83d\ude09 Hier gelangt ihr zu unserer Bildergalerie:\u00a0Bilder 2016\" \/>\n<meta property=\"og:url\" content=\"https:\/\/www.bennunger-kc.de\/?p=3419\" \/>\n<meta property=\"og:site_name\" content=\"Bennunger Karneval Club\" \/>\n<meta property=\"article:published_time\" content=\"2016-03-20T14:18:27+00:00\" \/>\n<meta name=\"author\" content=\"bkc-admin\" \/>\n<meta name=\"twitter:label1\" content=\"Verfasst von\" \/>\n\t<meta name=\"twitter:data1\" content=\"bkc-admin\" \/>\n<script type=\"application\/ld+json\" class=\"yoast-schema-graph\">{\"@context\":\"https:\/\/schema.org\",\"@graph\":[{\"@type\":\"WebPage\",\"@id\":\"https:\/\/www.bennunger-kc.de\/?p=3419\",\"url\":\"https:\/\/www.bennunger-kc.de\/?p=3419\",\"name\":\"35 Jahre BKC - Die Bilder sind \\\"on-line\\\" - Bennunger Karneval Club\",\"isPartOf\":{\"@id\":\"https:\/\/www.bennunger-kc.de\/#website\"},\"datePublished\":\"2016-03-20T14:18:27+00:00\",\"dateModified\":\"2016-03-20T14:18:27+00:00\",\"author\":{\"@id\":\"https:\/\/www.bennunger-kc.de\/#\/schema\/person\/85899b079f33687037a80b6df807f67a\"},\"breadcrumb\":{\"@id\":\"https:\/\/www.bennunger-kc.de\/?p=3419#breadcrumb\"},\"inLanguage\":\"de\",\"potentialAction\":[{\"@type\":\"ReadAction\",\"target\":[\"https:\/\/www.bennunger-kc.de\/?p=3419\"]}]},{\"@type\":\"BreadcrumbList\",\"@id\":\"https:\/\/www.bennunger-kc.de\/?p=3419#breadcrumb\",\"itemListElement\":[{\"@type\":\"ListItem\",\"position\":1,\"name\":\"Home\",\"item\":\"https:\/\/www.bennunger-kc.de\/\"},{\"@type\":\"ListItem\",\"position\":2,\"name\":\"35 Jahre BKC &#8211; Die Bilder sind &#8222;on-line&#8220;\"}]},{\"@type\":\"WebSite\",\"@id\":\"https:\/\/www.bennunger-kc.de\/#website\",\"url\":\"https:\/\/www.bennunger-kc.de\/\",\"name\":\"Bennunger Karneval Club\",\"description\":\"\",\"potentialAction\":[{\"@type\":\"SearchAction\",\"target\":{\"@type\":\"EntryPoint\",\"urlTemplate\":\"https:\/\/www.bennunger-kc.de\/?s={search_term_string}\"},\"query-input\":\"required name=search_term_string\"}],\"inLanguage\":\"de\"},{\"@type\":\"Person\",\"@id\":\"https:\/\/www.bennunger-kc.de\/#\/schema\/person\/85899b079f33687037a80b6df807f67a\",\"name\":\"bkc-admin\",\"image\":{\"@type\":\"ImageObject\",\"inLanguage\":\"de\",\"@id\":\"https:\/\/www.bennunger-kc.de\/#\/schema\/person\/image\/\",\"url\":\"https:\/\/secure.gravatar.com\/avatar\/946ad737178bda41d836c9d5969d714c?s=96&d=mm&r=g\",\"contentUrl\":\"https:\/\/secure.gravatar.com\/avatar\/946ad737178bda41d836c9d5969d714c?s=96&d=mm&r=g\",\"caption\":\"bkc-admin\"},\"url\":\"https:\/\/www.bennunger-kc.de\/?author=1\"}]}<\/script>\n<!-- \/ Yoast SEO plugin. -->","yoast_head_json":{"title":"35 Jahre BKC - Die Bilder sind \"on-line\" - Bennunger Karneval Club","robots":{"index":"index","follow":"follow","max-snippet":"max-snippet:-1","max-image-preview":"max-image-preview:large","max-video-preview":"max-video-preview:-1"},"canonical":"https:\/\/www.bennunger-kc.de\/?p=3419","og_locale":"de_DE","og_type":"article","og_title":"35 Jahre BKC - Die Bilder sind \"on-line\" - Bennunger Karneval Club","og_description":"\u00dcber einen Monat ist die karnevalfreie Zeit schon alt, da m\u00f6chten wir euch doch gleich wieder die sch\u00f6nsten Momente unserer 35. Session zur\u00fcck ins Ged\u00e4chtnis rufen. \ud83d\ude09 Hier gelangt ihr zu unserer Bildergalerie:\u00a0Bilder 2016","og_url":"https:\/\/www.bennunger-kc.de\/?p=3419","og_site_name":"Bennunger Karneval Club","article_published_time":"2016-03-20T14:18:27+00:00","author":"bkc-admin","twitter_misc":{"Verfasst von":"bkc-admin"},"schema":{"@context":"https:\/\/schema.org","@graph":[{"@type":"WebPage","@id":"https:\/\/www.bennunger-kc.de\/?p=3419","url":"https:\/\/www.bennunger-kc.de\/?p=3419","name":"35 Jahre BKC - Die Bilder sind \"on-line\" - Bennunger Karneval Club","isPartOf":{"@id":"https:\/\/www.bennunger-kc.de\/#website"},"datePublished":"2016-03-20T14:18:27+00:00","dateModified":"2016-03-20T14:18:27+00:00","author":{"@id":"https:\/\/www.bennunger-kc.de\/#\/schema\/person\/85899b079f33687037a80b6df807f67a"},"breadcrumb":{"@id":"https:\/\/www.bennunger-kc.de\/?p=3419#breadcrumb"},"inLanguage":"de","potentialAction":[{"@type":"ReadAction","target":["https:\/\/www.bennunger-kc.de\/?p=3419"]}]},{"@type":"BreadcrumbList","@id":"https:\/\/www.bennunger-kc.de\/?p=3419#breadcrumb","itemListElement":[{"@type":"ListItem","position":1,"name":"Home","item":"https:\/\/www.bennunger-kc.de\/"},{"@type":"ListItem","position":2,"name":"35 Jahre BKC &#8211; Die Bilder sind &#8222;on-line&#8220;"}]},{"@type":"WebSite","@id":"https:\/\/www.bennunger-kc.de\/#website","url":"https:\/\/www.bennunger-kc.de\/","name":"Bennunger Karneval Club","description":"","potentialAction":[{"@type":"SearchAction","target":{"@type":"EntryPoint","urlTemplate":"https:\/\/www.bennunger-kc.de\/?s={search_term_string}"},"query-input":"required name=search_term_string"}],"inLanguage":"de"},{"@type":"Person","@id":"https:\/\/www.bennunger-kc.de\/#\/schema\/person\/85899b079f33687037a80b6df807f67a","name":"bkc-admin","image":{"@type":"ImageObject","inLanguage":"de","@id":"https:\/\/www.bennunger-kc.de\/#\/schema\/person\/image\/","url":"https:\/\/secure.gravatar.com\/avatar\/946ad737178bda41d836c9d5969d714c?s=96&d=mm&r=g","contentUrl":"https:\/\/secure.gravatar.com\/avatar\/946ad737178bda41d836c9d5969d714c?s=96&d=mm&r=g","caption":"bkc-admin"},"url":"https:\/\/www.bennunger-kc.de\/?author=1"}]}},"_links":{"self":[{"href":"https:\/\/www.bennunger-kc.de\/index.php?rest_route=\/wp\/v2\/posts\/3419"}],"collection":[{"href":"https:\/\/www.bennunger-kc.de\/index.php?rest_route=\/wp\/v2\/posts"}],"about":[{"href":"https:\/\/www.bennunger-kc.de\/index.php?rest_route=\/wp\/v2\/types\/post"}],"author":[{"embeddable":true,"href":"https:\/\/www.bennunger-kc.de\/index.php?rest_route=\/wp\/v2\/users\/1"}],"replies":[{"embeddable":true,"href":"https:\/\/www.bennunger-kc.de\/index.php?rest_route=%2Fwp%2Fv2%2Fcomments&post=3419"}],"version-history":[{"count":1,"href":"https:\/\/www.bennunger-kc.de\/index.php?rest_route=\/wp\/v2\/posts\/3419\/revisions"}],"predecessor-version":[{"id":3420,"href":"https:\/\/www.bennunger-kc.de\/index.php?rest_route=\/wp\/v2\/posts\/3419\/revisions\/3420"}],"wp:attachment":[{"href":"https:\/\/www.bennunger-kc.de\/index.php?rest_route=%2Fwp%2Fv2%2Fmedia&parent=3419"}],"wp:term":[{"taxonomy":"category","embeddable":true,"href":"https:\/\/www.bennunger-kc.de\/index.php?rest_route=%2Fwp%2Fv2%2Fcategories&post=3419"},{"taxonomy":"post_tag","embeddable":true,"href":"https:\/\/www.bennunger-kc.de\/index.php?rest_route=%2Fwp%2Fv2%2Ftags&post=3419"}],"curies":[{"name":"wp","href":"https:\/\/api.w.org\/{rel}","templated":true}]}}